{"id":15188,"date":"2026-03-09T13:04:14","date_gmt":"2026-03-09T12:04:14","guid":{"rendered":"https:\/\/consfriburgo.esteri.it\/?p=15188"},"modified":"2026-03-09T13:04:14","modified_gmt":"2026-03-09T12:04:14","slug":"gruene-architektur-und-design-online-ausstellung-zum-tag-des-italienischen-designs-in-der-welt","status":"publish","type":"post","link":"https:\/\/consfriburgo.esteri.it\/de\/news\/dal_consolato\/2026\/03\/gruene-architektur-und-design-online-ausstellung-zum-tag-des-italienischen-designs-in-der-welt\/","title":{"rendered":"Gr\u00fcne Architektur und Design | Online-Ausstellung zum Tag des italienischen Designs in der Welt"},"content":{"rendered":"<p>Anl\u00e4sslich des Tages des italienischen Designs in der Welt veranstaltet das Konsulat eine Online-Ausstellung mit Dokumentarfilmen zu den Themen Nachhaltigkeit, Sozialwesen und Verantwortung im Design.<\/p>\n<p>Die Initiative bietet Gelegenheit zur Vertiefung und zum Austausch \u00fcber die Werte, die heute die italienische Designkultur pr\u00e4gen. Designer und Architekten berichten \u00fcber ihren theoretischen und praktischen Ansatz und reflektieren \u00fcber die Rolle von Architektur und Design bei der Gew\u00e4hrleistung des \u00f6kologischen und sozialen Wohlergehens der \u00d6kosysteme, in denen wir leben oder die wir t\u00e4glich durchqueren.<\/p>\n<p>Im Rahmen der internationalen Strategien f\u00fcr eine nachhaltige Entwicklung \u2013 in \u00dcbereinstimmung mit der von den Vereinten Nationen gef\u00f6rderten Agenda 2030 \u2013 m\u00f6chte die Reihe bew\u00e4hrte Praktiken und Projektvisionen hervorheben, die Innovation, Ethik und Umweltbewusstsein miteinander verbinden und zu einer sogenannten \u201esanften Revolution\u201d der Green Architecture beitragen.<\/p>\n<p>Das Programm ist vom 9. M\u00e4rz bis zum 9. April online verf\u00fcgbar, bis maximal 100 Zugriffe erreicht sind.<\/p>\n<p>Um auf die Veranstaltung zuzugreifen, klicken Sie bitte auf den folgenden Link:<\/p>\n<p><a href=\"https:\/\/rassegne.audiovisiva.org\/rassegna\/architettura-design-green-consolato-generale-friburgo\/\">https:\/\/rassegne.audiovisiva.org\/rassegna\/architettura-design-green-consolato-generale-friburgo\/<\/a><\/p>\n","protected":false},"excerpt":{"rendered":"Anl\u00e4sslich des Tages des italienischen Designs in der Welt veranstaltet das Konsulat eine Online-Ausstellung mit Dokumentarfilmen zu den Themen Nachhaltigkeit, Sozialwesen und Verantwortung im Design. Die Initiative bietet Gelegenheit zur Vertiefung und zum Austausch \u00fcber die Werte, die heute die italienische Designkultur pr\u00e4gen. Designer und Architekten berichten \u00fcber ihren theoretischen und praktischen Ansatz und reflektieren [&hellip;]","protected":false},"author":4,"featured_media":15191,"comment_status":"closed","ping_status":"closed","sticky":false,"template":"","format":"standard","meta":{"footnotes":""},"tags":[],"class_list":["post-15188","post","type-post","status-publish","format-standard","has-post-thumbnail","hentry"],"_links":{"self":[{"href":"https:\/\/consfriburgo.esteri.it\/de\/wp-json\/wp\/v2\/posts\/15188","targetHints":{"allow":["GET"]}}],"collection":[{"href":"https:\/\/consfriburgo.esteri.it\/de\/wp-json\/wp\/v2\/posts"}],"about":[{"href":"https:\/\/consfriburgo.esteri.it\/de\/wp-json\/wp\/v2\/types\/post"}],"author":[{"embeddable":true,"href":"https:\/\/consfriburgo.esteri.it\/de\/wp-json\/wp\/v2\/users\/4"}],"replies":[{"embeddable":true,"href":"https:\/\/consfriburgo.esteri.it\/de\/wp-json\/wp\/v2\/comments?post=15188"}],"version-history":[{"count":1,"href":"https:\/\/consfriburgo.esteri.it\/de\/wp-json\/wp\/v2\/posts\/15188\/revisions"}],"predecessor-version":[{"id":15193,"href":"https:\/\/consfriburgo.esteri.it\/de\/wp-json\/wp\/v2\/posts\/15188\/revisions\/15193"}],"wp:featuredmedia":[{"embeddable":true,"href":"https:\/\/consfriburgo.esteri.it\/de\/wp-json\/wp\/v2\/media\/15191"}],"wp:attachment":[{"href":"https:\/\/consfriburgo.esteri.it\/de\/wp-json\/wp\/v2\/media?parent=15188"}],"wp:term":[{"taxonomy":"post_tag","embeddable":true,"href":"https:\/\/consfriburgo.esteri.it\/de\/wp-json\/wp\/v2\/tags?post=15188"}],"curies":[{"name":"wp","href":"https:\/\/api.w.org\/{rel}","templated":true}]}}