{"id":15337,"date":"2026-04-22T13:06:29","date_gmt":"2026-04-22T11:06:29","guid":{"rendered":"https:\/\/consfriburgo.esteri.it\/?p=15337"},"modified":"2026-04-23T12:03:47","modified_gmt":"2026-04-23T10:03:47","slug":"einweihung-der-deutsch-italienischen-kita-in-freiburg","status":"publish","type":"post","link":"https:\/\/consfriburgo.esteri.it\/de\/news\/dal_consolato\/2026\/04\/einweihung-der-deutsch-italienischen-kita-in-freiburg\/","title":{"rendered":"Einweihung der deutsch-italienischen Kita in Freiburg"},"content":{"rendered":"<p>In Freiburg wurde die erste deutsch-italienische Kindertagesst\u00e4tte der Stadt im Stadtteil Br\u00fchl offiziell er\u00f6ffnet. Die kommunale Einrichtung, die bereits seit Anfang Februar in Betrieb ist, entsteht in Kooperation zwischen der Stadt Freiburg und dem italienischen Konsulat und stellt ein wichtiges Bildungs- und Integrationsprojekt f\u00fcr die Region dar.<\/p>\n<p>Die neue Kita bietet Kindern im Alter von einem bis sechs Jahren eine Umgebung, in der Deutsch und Italienisch im Alltag selbstverst\u00e4ndlich miteinander verbunden sind. M\u00f6glich wird dies auch durch teilweise muttersprachliche Fachkr\u00e4fte. Das Angebot f\u00f6rdert Mehrsprachigkeit und interkulturellen Dialog bereits in der fr\u00fchen Kindheit, richtet sich an die Bed\u00fcrfnisse der gro\u00dfen italienischen Gemeinschaft vor Ort und steht ausdr\u00fccklich allen Familien offen.<\/p>\n<p>Der Besuch von Konsul Pietro Falcone anl\u00e4sslich der Er\u00f6ffnung stellte einen Moment von hoher symbolischer und kultureller Bedeutung dar. Die Feier fand in einem festlichen und gut besuchten Rahmen statt, in Anwesenheit von Oberb\u00fcrgermeister Martin Horn und B\u00fcrgermeisterin Christine Buchheit sowie Erzieherinnen und Erziehern, Kindern und ihren Familien. Die Veranstaltung unterstrich die Bedeutung der Zusammenarbeit zwischen dem Konsulat und der Stadt Freiburg, insbesondere in den Bereichen Bildung und Integration.<\/p>\n<p>Die neue, moderne und gut ausgestattete Kita wird in den kommenden Monaten weiter ausgebaut und zus\u00e4tzliche Gruppen aufnehmen. Sie ist Teil der st\u00e4dtischen Strategie zur St\u00e4rkung fr\u00fchkindlicher Bildung und zur F\u00f6rderung von Teilhabe und Integration.<\/p>\n<p>&nbsp;<\/p>\n<p>Weiter Infos:<\/p>\n<ul>\n<li>Pressemitteilung der Stadt Freiburg: <a href=\"https:\/\/www.badische-zeitung.de\/deutsch-italienische-kita-im-freiburger-gueterbahnhofareal-ist-nun-offiziell-eroeffnet\">Deutsch-italienische Kita im Freiburger G\u00fcterbahnhofareal ist nun offiziell er\u00f6ffnet &#8211; Freiburg &#8211; Badische Zeitung<\/a><\/li>\n<li>Artikel in der <em>Badischen Zeitung<\/em>: <a href=\"https:\/\/www.badische-zeitung.de\/deutsch-italienische-kita-im-freiburger-gueterbahnhofareal-ist-nun-offiziell-eroeffnet\">Deutsch-italienische Kita im Freiburger G\u00fcterbahnhofareal ist nun offiziell er\u00f6ffnet &#8211; Freiburg &#8211; Badische Zeitung<\/a><\/li>\n<li>Videobeitrag von Baden TV S\u00fcd: <a href=\"https:\/\/www.baden-tv-sued.com\/mediathek\/video\/freiburg-eroeffnet-erste-deutsch-italienische-kita\/\">Freiburg er\u00f6ffnet erste deutsch-italienische Kita | Baden TV S\u00fcd<\/a><\/li>\n<\/ul>\n","protected":false},"excerpt":{"rendered":"In Freiburg wurde die erste deutsch-italienische Kindertagesst\u00e4tte der Stadt im Stadtteil Br\u00fchl offiziell er\u00f6ffnet. Die kommunale Einrichtung, die bereits seit Anfang Februar in Betrieb ist, entsteht in Kooperation zwischen der Stadt Freiburg und dem italienischen Konsulat und stellt ein wichtiges Bildungs- und Integrationsprojekt f\u00fcr die Region dar. Die neue Kita bietet Kindern im Alter von [&hellip;]","protected":false},"author":7,"featured_media":15346,"comment_status":"closed","ping_status":"closed","sticky":false,"template":"","format":"standard","meta":{"footnotes":""},"tags":[],"class_list":["post-15337","post","type-post","status-publish","format-standard","has-post-thumbnail","hentry"],"_links":{"self":[{"href":"https:\/\/consfriburgo.esteri.it\/de\/wp-json\/wp\/v2\/posts\/15337","targetHints":{"allow":["GET"]}}],"collection":[{"href":"https:\/\/consfriburgo.esteri.it\/de\/wp-json\/wp\/v2\/posts"}],"about":[{"href":"https:\/\/consfriburgo.esteri.it\/de\/wp-json\/wp\/v2\/types\/post"}],"author":[{"embeddable":true,"href":"https:\/\/consfriburgo.esteri.it\/de\/wp-json\/wp\/v2\/users\/7"}],"replies":[{"embeddable":true,"href":"https:\/\/consfriburgo.esteri.it\/de\/wp-json\/wp\/v2\/comments?post=15337"}],"version-history":[{"count":1,"href":"https:\/\/consfriburgo.esteri.it\/de\/wp-json\/wp\/v2\/posts\/15337\/revisions"}],"predecessor-version":[{"id":15338,"href":"https:\/\/consfriburgo.esteri.it\/de\/wp-json\/wp\/v2\/posts\/15337\/revisions\/15338"}],"wp:featuredmedia":[{"embeddable":true,"href":"https:\/\/consfriburgo.esteri.it\/de\/wp-json\/wp\/v2\/media\/15346"}],"wp:attachment":[{"href":"https:\/\/consfriburgo.esteri.it\/de\/wp-json\/wp\/v2\/media?parent=15337"}],"wp:term":[{"taxonomy":"post_tag","embeddable":true,"href":"https:\/\/consfriburgo.esteri.it\/de\/wp-json\/wp\/v2\/tags?post=15337"}],"curies":[{"name":"wp","href":"https:\/\/api.w.org\/{rel}","templated":true}]}}