{"id":15754,"date":"2026-07-14T12:29:11","date_gmt":"2026-07-14T10:29:11","guid":{"rendered":"https:\/\/consfriburgo.esteri.it\/?p=15754"},"modified":"2026-08-06T09:12:17","modified_gmt":"2026-08-06T07:12:17","slug":"am-3-august-verlieren-personalausweise-in-papierform-ihre-gueltigkeit-fuer-reisen-ins-ausland","status":"publish","type":"post","link":"https:\/\/consfriburgo.esteri.it\/de\/news\/dal_consolato\/2026\/07\/am-3-august-verlieren-personalausweise-in-papierform-ihre-gueltigkeit-fuer-reisen-ins-ausland\/","title":{"rendered":"Am 3. August verlieren Personalausweise in Papierform ihre G\u00fcltigkeit f\u00fcr Reisen ins Ausland"},"content":{"rendered":"<p>Unabh\u00e4ngig von dem auf der R\u00fcckseite angegebenen Ablaufdatum verlieren Personalausweise in Papierform am 3. August 2026 ihre G\u00fcltigkeit f\u00fcr Auslandsreisen.<\/p>\n<p>Wenden Sie sich an das n\u00e4chstgelegene Konsulat, um sich \u00fcber die Modalit\u00e4ten zur Ausstellung des neuen elektronischen Personalausweises (CIE) zu informieren: <a href=\"https:\/\/www.esteri.it\/en\/ministero\/struttura\/laretediplomatica\/\" target=\"_blank\" rel=\"noopener\">https:\/\/www.esteri.it\/it\/ministero\/struttura\/laretediplomatica\/<\/a>.<\/p>\n<p>Seit dem 1. Juni k\u00f6nnen im Ausland ans\u00e4ssige italienische Staatsb\u00fcrger (AIRE) den elektronischen Personalausweis (CIE) auch bei jeder italienischen Gemeinde entsprechend dem Gesetz Nr. 11 vom 19. Januar 2026 beantragen. Bitte denken Sie daran, Ihre Steuernummer mitzubringen.<\/p>\n<p><span id=\"segment-e337826f-4559-4e9a-ab6c-cc832820c452-0\" class=\"text-segment\"><span class=\"interaction\" data-llm-query=\"F\u00fcr\">F\u00fcr<\/span>\u00a0<span class=\"interaction\" data-llm-query=\"Mitb\u00fcrgerinnen\">Mitb\u00fcrgerinnen<\/span>\u00a0<span class=\"interaction\" data-llm-query=\"und\">und<\/span>\u00a0<span class=\"interaction\" data-llm-query=\"Mitb\u00fcrger\">Mitb\u00fcrger<\/span>\u00a0<span class=\"interaction\" data-llm-query=\"ab\">ab<\/span>\u00a0<span class=\"interaction\" data-llm-query=\"dem\">dem<\/span>\u00a0<span class=\"interaction\" data-llm-query=\"siebzigsten\">siebzigsten<\/span>\u00a0<span class=\"interaction\" data-llm-query=\"Lebensjahr\">Lebensjahr<\/span>\u00a0<span class=\"interaction\" data-llm-query=\"gilt\">gilt<\/span>,\u00a0<span class=\"interaction\" data-llm-query=\"dass\">dass<\/span>\u00a0<span class=\"interaction\" data-llm-query=\"der\">der<\/span>\u00a0<span class=\"interaction\" data-llm-query=\"ab\">ab<\/span>\u00a0<span class=\"interaction\" data-llm-query=\"dem\">dem<\/span>\u00a0<span class=\"interaction\" data-llm-query=\"30\">30<\/span>.\u00a0<span class=\"interaction\" data-llm-query=\"Juli\">Juli<\/span>\u00a0<span class=\"interaction\" data-llm-query=\"2026\">2026<\/span>\u00a0<span class=\"interaction\" data-llm-query=\"ausgestellte\">ausgestellte<\/span>\u00a0<span class=\"interaction\" data-llm-query=\"elektronische\">elektronische<\/span>\u00a0<span class=\"interaction\" data-llm-query=\"Personalausweis\">Personalausweis<\/span>\u00a0<span class=\"interaction\" data-llm-query=\"eine\">eine<\/span>\u00a0<span class=\"interaction\" data-llm-query=\"unbefristete\">unbefristete<\/span>\u00a0<span class=\"interaction\" data-llm-query=\"G\u00fcltigkeitsdauer\">G\u00fcltigkeitsdauer<\/span>\u00a0<span class=\"interaction\" data-llm-query=\"besitzt\">besitzt<\/span>.<\/span><\/p>\n","protected":false},"excerpt":{"rendered":"Unabh\u00e4ngig von dem auf der R\u00fcckseite angegebenen Ablaufdatum verlieren Personalausweise in Papierform am 3. August 2026 ihre G\u00fcltigkeit f\u00fcr Auslandsreisen. Wenden Sie sich an das n\u00e4chstgelegene Konsulat, um sich \u00fcber die Modalit\u00e4ten zur Ausstellung des neuen elektronischen Personalausweises (CIE) zu informieren: https:\/\/www.esteri.it\/it\/ministero\/struttura\/laretediplomatica\/. Seit dem 1. Juni k\u00f6nnen im Ausland ans\u00e4ssige italienische Staatsb\u00fcrger (AIRE) den elektronischen [&hellip;]","protected":false},"author":7,"featured_media":15749,"comment_status":"closed","ping_status":"closed","sticky":false,"template":"","format":"standard","meta":{"footnotes":""},"tags":[],"class_list":["post-15754","post","type-post","status-publish","format-standard","has-post-thumbnail","hentry"],"_links":{"self":[{"href":"https:\/\/consfriburgo.esteri.it\/de\/wp-json\/wp\/v2\/posts\/15754","targetHints":{"allow":["GET"]}}],"collection":[{"href":"https:\/\/consfriburgo.esteri.it\/de\/wp-json\/wp\/v2\/posts"}],"about":[{"href":"https:\/\/consfriburgo.esteri.it\/de\/wp-json\/wp\/v2\/types\/post"}],"author":[{"embeddable":true,"href":"https:\/\/consfriburgo.esteri.it\/de\/wp-json\/wp\/v2\/users\/7"}],"replies":[{"embeddable":true,"href":"https:\/\/consfriburgo.esteri.it\/de\/wp-json\/wp\/v2\/comments?post=15754"}],"version-history":[{"count":2,"href":"https:\/\/consfriburgo.esteri.it\/de\/wp-json\/wp\/v2\/posts\/15754\/revisions"}],"predecessor-version":[{"id":15779,"href":"https:\/\/consfriburgo.esteri.it\/de\/wp-json\/wp\/v2\/posts\/15754\/revisions\/15779"}],"wp:featuredmedia":[{"embeddable":true,"href":"https:\/\/consfriburgo.esteri.it\/de\/wp-json\/wp\/v2\/media\/15749"}],"wp:attachment":[{"href":"https:\/\/consfriburgo.esteri.it\/de\/wp-json\/wp\/v2\/media?parent=15754"}],"wp:term":[{"taxonomy":"post_tag","embeddable":true,"href":"https:\/\/consfriburgo.esteri.it\/de\/wp-json\/wp\/v2\/tags?post=15754"}],"curies":[{"name":"wp","href":"https:\/\/api.w.org\/{rel}","templated":true}]}}