{"id":15317,"date":"2026-04-22T13:06:29","date_gmt":"2026-04-22T11:06:29","guid":{"rendered":"https:\/\/consfriburgo.esteri.it\/?p=15317"},"modified":"2026-04-23T12:02:22","modified_gmt":"2026-04-23T10:02:22","slug":"inaugurazione-asilo-italo-tedesco-a-friburgo","status":"publish","type":"post","link":"https:\/\/consfriburgo.esteri.it\/it\/news\/dal_consolato\/2026\/04\/inaugurazione-asilo-italo-tedesco-a-friburgo\/","title":{"rendered":"Inaugurazione asilo italo-tedesco a Friburgo"},"content":{"rendered":"<p>A Friburgo \u00e8 stato inaugurato il primo asilo bilingue italo-tedesco della citt\u00e0, nel quartiere Br\u00fchl. La struttura comunale, gi\u00e0 operativa dall\u2019inizio di febbraio, nasce dalla collaborazione tra il Comune e il Consolato d\u2019Italia di Friburgo e rappresenta un importante progetto educativo e interculturale per il territorio.<\/p>\n<p>Il nuovo asilo offre ai bambini da uno a sei anni un ambiente in cui italiano e tedesco convivono nella quotidianit\u00e0, grazie anche alla presenza di personale madrelingua. L\u2019iniziativa promuove il bilinguismo e il dialogo interculturale fin dalla prima infanzia, rispondendo alle esigenze della numerosa comunit\u00e0 italiana locale e restando aperta a tutte le famiglie.<\/p>\n<p>La visita del Console Pietro Falcone in occasione dell\u2019inaugurazione ha rappresentato un momento di grande valore simbolico e culturale. La cerimonia si \u00e8 svolta in un clima festoso e partecipato, alla presenza del sindaco Martin Horn e della vicesindaca Christine Buchheit, insieme a educatrici ed educatori, bambini e famiglie. L\u2019evento ha sottolineato l\u2019importanza della cooperazione tra il Consolato e la citt\u00e0 di Friburgo, in particolare nei settori dell\u2019educazione e dell\u2019integrazione.<\/p>\n<p>La nuova Kita, moderna e ben attrezzata, sar\u00e0 ampliata nei prossimi mesi con ulteriori gruppi e si inserisce nella strategia della citt\u00e0 per rafforzare i servizi educativi e l\u2019inclusione.<\/p>\n<p>Per approfondire:<\/p>\n<ul>\n<li>Comunicato stampa del Comune di Friburgo: <a href=\"https:\/\/www.badische-zeitung.de\/deutsch-italienische-kita-im-freiburger-gueterbahnhofareal-ist-nun-offiziell-eroeffnet\">Deutsch-italienische Kita im Freiburger G\u00fcterbahnhofareal ist nun offiziell er\u00f6ffnet &#8211; Freiburg &#8211; Badische Zeitung<\/a><\/li>\n<li>Articolo su <em>Badische Zeitung<\/em>: <a href=\"https:\/\/www.badische-zeitung.de\/deutsch-italienische-kita-im-freiburger-gueterbahnhofareal-ist-nun-offiziell-eroeffnet\">Deutsch-italienische Kita im Freiburger G\u00fcterbahnhofareal ist nun offiziell er\u00f6ffnet &#8211; Freiburg &#8211; Badische Zeitung<\/a><\/li>\n<li>Servizio video di Baden TV S\u00fcd: <a href=\"https:\/\/www.baden-tv-sued.com\/mediathek\/video\/freiburg-eroeffnet-erste-deutsch-italienische-kita\/\">Freiburg er\u00f6ffnet erste deutsch-italienische Kita | Baden TV S\u00fcd<\/a><\/li>\n<\/ul>\n","protected":false},"excerpt":{"rendered":"A Friburgo \u00e8 stato inaugurato il primo asilo bilingue italo-tedesco della citt\u00e0, nel quartiere Br\u00fchl. La struttura comunale, gi\u00e0 operativa dall\u2019inizio di febbraio, nasce dalla collaborazione tra il Comune e il Consolato d\u2019Italia di Friburgo e rappresenta un importante progetto educativo e interculturale per il territorio. Il nuovo asilo offre ai bambini da uno a [&hellip;]","protected":false},"author":7,"featured_media":15346,"comment_status":"closed","ping_status":"closed","sticky":false,"template":"","format":"standard","meta":{"footnotes":""},"tags":[],"class_list":["post-15317","post","type-post","status-publish","format-standard","has-post-thumbnail","hentry"],"_links":{"self":[{"href":"https:\/\/consfriburgo.esteri.it\/it\/wp-json\/wp\/v2\/posts\/15317","targetHints":{"allow":["GET"]}}],"collection":[{"href":"https:\/\/consfriburgo.esteri.it\/it\/wp-json\/wp\/v2\/posts"}],"about":[{"href":"https:\/\/consfriburgo.esteri.it\/it\/wp-json\/wp\/v2\/types\/post"}],"author":[{"embeddable":true,"href":"https:\/\/consfriburgo.esteri.it\/it\/wp-json\/wp\/v2\/users\/7"}],"replies":[{"embeddable":true,"href":"https:\/\/consfriburgo.esteri.it\/it\/wp-json\/wp\/v2\/comments?post=15317"}],"version-history":[{"count":2,"href":"https:\/\/consfriburgo.esteri.it\/it\/wp-json\/wp\/v2\/posts\/15317\/revisions"}],"predecessor-version":[{"id":15349,"href":"https:\/\/consfriburgo.esteri.it\/it\/wp-json\/wp\/v2\/posts\/15317\/revisions\/15349"}],"wp:featuredmedia":[{"embeddable":true,"href":"https:\/\/consfriburgo.esteri.it\/it\/wp-json\/wp\/v2\/media\/15346"}],"wp:attachment":[{"href":"https:\/\/consfriburgo.esteri.it\/it\/wp-json\/wp\/v2\/media?parent=15317"}],"wp:term":[{"taxonomy":"post_tag","embeddable":true,"href":"https:\/\/consfriburgo.esteri.it\/it\/wp-json\/wp\/v2\/tags?post=15317"}],"curies":[{"name":"wp","href":"https:\/\/api.w.org\/{rel}","templated":true}]}}